{"id":2291,"date":"2016-04-16T15:45:20","date_gmt":"2016-04-16T13:45:20","guid":{"rendered":"http:\/\/ebike-festival.org\/en\/2016\/04\/16\/verkehrsminister-nrw-michael-groschek-begeistert\/"},"modified":"2016-04-16T15:53:12","modified_gmt":"2016-04-16T13:53:12","slug":"minister-of-transportation-nrw-michael-groschek-thrilled","status":"publish","type":"post","link":"https:\/\/ebike-festival.org\/en\/2016\/04\/16\/minister-of-transportation-nrw-michael-groschek-thrilled\/","title":{"rendered":"Minister of transportation NRW Michael Groschek thrilled!"},"content":{"rendered":"<p>The response on Saturday was again phenomenal: The exhibitors are absolutely thrilled about the location Dortmund as well as the politics. The minister of transportation of NRW Michael Groschek was excited during his visit around the exhibition area of the festival: &#8220;Dortmund will become the leading trade fair capital for e-bike worldwide. Dortmund will be the states business card for e-mobility&#8221; promises Michael Groschek.<\/p>\n<p>&nbsp;<\/p>\n<p>&nbsp;<\/p>\n","protected":false},"excerpt":{"rendered":"<p>The response on Saturday was again phenomenal: The exhibitors are absolutely thrilled about the location Dortmund as well as the politics. The minister of transportation of NRW Michael Groschek was excited during his visit around the exhibition area of the festival: &#8220;Dortmund will become the leading trade fair capital for e-bike worldwide. Dortmund will be [&hellip;]<\/p>\n","protected":false},"author":2,"featured_media":0,"comment_status":"closed","ping_status":"closed","sticky":false,"template":"","format":"standard","meta":[],"categories":[4],"tags":[],"yoast_head":"<!-- This site is optimized with the Yoast SEO plugin v18.0 - https:\/\/yoast.com\/wordpress\/plugins\/seo\/ -->\n<title>Minister of transportation NRW Michael Groschek thrilled! - E-Bike Festival Dortmund<\/title>\n<meta name=\"robots\" content=\"index, follow, max-snippet:-1, max-image-preview:large, max-video-preview:-1\" \/>\n<link rel=\"canonical\" href=\"https:\/\/ebike-festival.org\/en\/2016\/04\/16\/minister-of-transportation-nrw-michael-groschek-thrilled\/\" \/>\n<meta property=\"og:locale\" content=\"en_US\" \/>\n<meta property=\"og:type\" content=\"article\" \/>\n<meta property=\"og:title\" content=\"Minister of transportation NRW Michael Groschek thrilled! - E-Bike Festival Dortmund\" \/>\n<meta property=\"og:description\" content=\"The response on Saturday was again phenomenal: The exhibitors are absolutely thrilled about the location Dortmund as well as the politics. The minister of transportation of NRW Michael Groschek was excited during his visit around the exhibition area of the festival: &#8220;Dortmund will become the leading trade fair capital for e-bike worldwide. Dortmund will be [&hellip;]\" \/>\n<meta property=\"og:url\" content=\"https:\/\/ebike-festival.org\/en\/2016\/04\/16\/minister-of-transportation-nrw-michael-groschek-thrilled\/\" \/>\n<meta property=\"og:site_name\" content=\"E-Bike Festival Dortmund\" \/>\n<meta property=\"article:published_time\" content=\"2016-04-16T13:45:20+00:00\" \/>\n<meta property=\"article:modified_time\" content=\"2016-04-16T13:53:12+00:00\" \/>\n<meta name=\"twitter:card\" content=\"summary_large_image\" \/>\n<meta name=\"twitter:label1\" content=\"Written by\" \/>\n\t<meta name=\"twitter:data1\" content=\"jconrad\" \/>\n<script type=\"application\/ld+json\" class=\"yoast-schema-graph\">{\"@context\":\"https:\/\/schema.org\",\"@graph\":[{\"@type\":\"WebSite\",\"@id\":\"https:\/\/ebike-festival.org\/#website\",\"url\":\"https:\/\/ebike-festival.org\/\",\"name\":\"E-Bike Festival Dortmund\",\"description\":\"Das weltweit gr\u00f6\u00dfte Festival rund um das Thema E-Mobilt\u00e4t!\",\"potentialAction\":[{\"@type\":\"SearchAction\",\"target\":{\"@type\":\"EntryPoint\",\"urlTemplate\":\"https:\/\/ebike-festival.org\/?s={search_term_string}\"},\"query-input\":\"required name=search_term_string\"}],\"inLanguage\":\"en-US\"},{\"@type\":\"WebPage\",\"@id\":\"https:\/\/ebike-festival.org\/en\/2016\/04\/16\/minister-of-transportation-nrw-michael-groschek-thrilled\/#webpage\",\"url\":\"https:\/\/ebike-festival.org\/en\/2016\/04\/16\/minister-of-transportation-nrw-michael-groschek-thrilled\/\",\"name\":\"Minister of transportation NRW Michael Groschek thrilled! - E-Bike Festival Dortmund\",\"isPartOf\":{\"@id\":\"https:\/\/ebike-festival.org\/#website\"},\"datePublished\":\"2016-04-16T13:45:20+00:00\",\"dateModified\":\"2016-04-16T13:53:12+00:00\",\"author\":{\"@id\":\"https:\/\/ebike-festival.org\/#\/schema\/person\/8ef2b5dfc32f986ecd0326308ac7f0e6\"},\"breadcrumb\":{\"@id\":\"https:\/\/ebike-festival.org\/en\/2016\/04\/16\/minister-of-transportation-nrw-michael-groschek-thrilled\/#breadcrumb\"},\"inLanguage\":\"en-US\",\"potentialAction\":[{\"@type\":\"ReadAction\",\"target\":[\"https:\/\/ebike-festival.org\/en\/2016\/04\/16\/minister-of-transportation-nrw-michael-groschek-thrilled\/\"]}]},{\"@type\":\"BreadcrumbList\",\"@id\":\"https:\/\/ebike-festival.org\/en\/2016\/04\/16\/minister-of-transportation-nrw-michael-groschek-thrilled\/#breadcrumb\",\"itemListElement\":[{\"@type\":\"ListItem\",\"position\":1,\"name\":\"Startseite\",\"item\":\"https:\/\/ebike-festival.org\/en\/\"},{\"@type\":\"ListItem\",\"position\":2,\"name\":\"Minister of transportation NRW Michael Groschek thrilled!\"}]},{\"@type\":\"Person\",\"@id\":\"https:\/\/ebike-festival.org\/#\/schema\/person\/8ef2b5dfc32f986ecd0326308ac7f0e6\",\"name\":\"jconrad\",\"url\":\"https:\/\/ebike-festival.org\/en\/author\/jconrad\/\"}]}<\/script>\n<!-- \/ Yoast SEO plugin. -->","yoast_head_json":{"title":"Minister of transportation NRW Michael Groschek thrilled! - E-Bike Festival Dortmund","robots":{"index":"index","follow":"follow","max-snippet":"max-snippet:-1","max-image-preview":"max-image-preview:large","max-video-preview":"max-video-preview:-1"},"canonical":"https:\/\/ebike-festival.org\/en\/2016\/04\/16\/minister-of-transportation-nrw-michael-groschek-thrilled\/","og_locale":"en_US","og_type":"article","og_title":"Minister of transportation NRW Michael Groschek thrilled! - E-Bike Festival Dortmund","og_description":"The response on Saturday was again phenomenal: The exhibitors are absolutely thrilled about the location Dortmund as well as the politics. The minister of transportation of NRW Michael Groschek was excited during his visit around the exhibition area of the festival: &#8220;Dortmund will become the leading trade fair capital for e-bike worldwide. Dortmund will be [&hellip;]","og_url":"https:\/\/ebike-festival.org\/en\/2016\/04\/16\/minister-of-transportation-nrw-michael-groschek-thrilled\/","og_site_name":"E-Bike Festival Dortmund","article_published_time":"2016-04-16T13:45:20+00:00","article_modified_time":"2016-04-16T13:53:12+00:00","twitter_card":"summary_large_image","twitter_misc":{"Written by":"jconrad"},"schema":{"@context":"https:\/\/schema.org","@graph":[{"@type":"WebSite","@id":"https:\/\/ebike-festival.org\/#website","url":"https:\/\/ebike-festival.org\/","name":"E-Bike Festival Dortmund","description":"Das weltweit gr\u00f6\u00dfte Festival rund um das Thema E-Mobilt\u00e4t!","potentialAction":[{"@type":"SearchAction","target":{"@type":"EntryPoint","urlTemplate":"https:\/\/ebike-festival.org\/?s={search_term_string}"},"query-input":"required name=search_term_string"}],"inLanguage":"en-US"},{"@type":"WebPage","@id":"https:\/\/ebike-festival.org\/en\/2016\/04\/16\/minister-of-transportation-nrw-michael-groschek-thrilled\/#webpage","url":"https:\/\/ebike-festival.org\/en\/2016\/04\/16\/minister-of-transportation-nrw-michael-groschek-thrilled\/","name":"Minister of transportation NRW Michael Groschek thrilled! - E-Bike Festival Dortmund","isPartOf":{"@id":"https:\/\/ebike-festival.org\/#website"},"datePublished":"2016-04-16T13:45:20+00:00","dateModified":"2016-04-16T13:53:12+00:00","author":{"@id":"https:\/\/ebike-festival.org\/#\/schema\/person\/8ef2b5dfc32f986ecd0326308ac7f0e6"},"breadcrumb":{"@id":"https:\/\/ebike-festival.org\/en\/2016\/04\/16\/minister-of-transportation-nrw-michael-groschek-thrilled\/#breadcrumb"},"inLanguage":"en-US","potentialAction":[{"@type":"ReadAction","target":["https:\/\/ebike-festival.org\/en\/2016\/04\/16\/minister-of-transportation-nrw-michael-groschek-thrilled\/"]}]},{"@type":"BreadcrumbList","@id":"https:\/\/ebike-festival.org\/en\/2016\/04\/16\/minister-of-transportation-nrw-michael-groschek-thrilled\/#breadcrumb","itemListElement":[{"@type":"ListItem","position":1,"name":"Startseite","item":"https:\/\/ebike-festival.org\/en\/"},{"@type":"ListItem","position":2,"name":"Minister of transportation NRW Michael Groschek thrilled!"}]},{"@type":"Person","@id":"https:\/\/ebike-festival.org\/#\/schema\/person\/8ef2b5dfc32f986ecd0326308ac7f0e6","name":"jconrad","url":"https:\/\/ebike-festival.org\/en\/author\/jconrad\/"}]}},"_links":{"self":[{"href":"https:\/\/ebike-festival.org\/en\/wp-json\/wp\/v2\/posts\/2291"}],"collection":[{"href":"https:\/\/ebike-festival.org\/en\/wp-json\/wp\/v2\/posts"}],"about":[{"href":"https:\/\/ebike-festival.org\/en\/wp-json\/wp\/v2\/types\/post"}],"author":[{"embeddable":true,"href":"https:\/\/ebike-festival.org\/en\/wp-json\/wp\/v2\/users\/2"}],"replies":[{"embeddable":true,"href":"https:\/\/ebike-festival.org\/en\/wp-json\/wp\/v2\/comments?post=2291"}],"version-history":[{"count":0,"href":"https:\/\/ebike-festival.org\/en\/wp-json\/wp\/v2\/posts\/2291\/revisions"}],"wp:attachment":[{"href":"https:\/\/ebike-festival.org\/en\/wp-json\/wp\/v2\/media?parent=2291"}],"wp:term":[{"taxonomy":"category","embeddable":true,"href":"https:\/\/ebike-festival.org\/en\/wp-json\/wp\/v2\/categories?post=2291"},{"taxonomy":"post_tag","embeddable":true,"href":"https:\/\/ebike-festival.org\/en\/wp-json\/wp\/v2\/tags?post=2291"}],"curies":[{"name":"wp","href":"https:\/\/api.w.org\/{rel}","templated":true}]}}