{"id":2281,"date":"2016-04-15T18:38:10","date_gmt":"2016-04-15T16:38:10","guid":{"rendered":"http:\/\/ebike-festival.org\/en\/2016\/04\/15\/das-1-e-bike-festival-dortmund-presented-by-shimano-ist-eroeffnet\/"},"modified":"2016-04-15T20:37:40","modified_gmt":"2016-04-15T18:37:40","slug":"das-1-e-bike-festival-dortmund-presented-by-shimano-ist-eroeffnet","status":"publish","type":"post","link":"https:\/\/ebike-festival.org\/en\/2016\/04\/15\/das-1-e-bike-festival-dortmund-presented-by-shimano-ist-eroeffnet\/","title":{"rendered":"The first E &#8212; BIKE Festival Dortmund presented by SHIMANO is open!"},"content":{"rendered":"<p>What a great kickoff of the first \u201eE \u2014 BIKE Festival Dortmund 2016 presented by SHIMANO\u201c. After the official opening ceremony by Dortmunds head mayor Ullrich Sierau Europes biggest festival around e-mobility celebrated a successful first day: great weather &#8211; better than expected-, lot of visitors and the more than 100 exhibitors were very pleased about the interest shown in their products.<\/p>\n<p>&nbsp;<\/p>\n<p>&nbsp;<\/p>\n","protected":false},"excerpt":{"rendered":"<p>What a great kickoff of the first \u201eE \u2014 BIKE Festival Dortmund 2016 presented by SHIMANO\u201c. After the official opening ceremony by Dortmunds head mayor Ullrich Sierau Europes biggest festival around e-mobility celebrated a successful first day: great weather &#8211; better than expected-, lot of visitors and the more than 100 exhibitors were very pleased [&hellip;]<\/p>\n","protected":false},"author":2,"featured_media":0,"comment_status":"closed","ping_status":"closed","sticky":false,"template":"","format":"standard","meta":[],"categories":[4],"tags":[],"yoast_head":"<!-- This site is optimized with the Yoast SEO plugin v18.0 - https:\/\/yoast.com\/wordpress\/plugins\/seo\/ -->\n<title>The first E - BIKE Festival Dortmund presented by SHIMANO is open! - E-Bike Festival Dortmund<\/title>\n<meta name=\"robots\" content=\"index, follow, max-snippet:-1, max-image-preview:large, max-video-preview:-1\" \/>\n<link rel=\"canonical\" href=\"https:\/\/ebike-festival.org\/en\/2016\/04\/15\/das-1-e-bike-festival-dortmund-presented-by-shimano-ist-eroeffnet\/\" \/>\n<meta property=\"og:locale\" content=\"en_US\" \/>\n<meta property=\"og:type\" content=\"article\" \/>\n<meta property=\"og:title\" content=\"The first E - BIKE Festival Dortmund presented by SHIMANO is open! - E-Bike Festival Dortmund\" \/>\n<meta property=\"og:description\" content=\"What a great kickoff of the first \u201eE \u2014 BIKE Festival Dortmund 2016 presented by SHIMANO\u201c. After the official opening ceremony by Dortmunds head mayor Ullrich Sierau Europes biggest festival around e-mobility celebrated a successful first day: great weather &#8211; better than expected-, lot of visitors and the more than 100 exhibitors were very pleased [&hellip;]\" \/>\n<meta property=\"og:url\" content=\"https:\/\/ebike-festival.org\/en\/2016\/04\/15\/das-1-e-bike-festival-dortmund-presented-by-shimano-ist-eroeffnet\/\" \/>\n<meta property=\"og:site_name\" content=\"E-Bike Festival Dortmund\" \/>\n<meta property=\"article:published_time\" content=\"2016-04-15T16:38:10+00:00\" \/>\n<meta property=\"article:modified_time\" content=\"2016-04-15T18:37:40+00:00\" \/>\n<meta property=\"og:image\" content=\"https:\/\/ebike-festival.org\/wp-content\/uploads\/sites\/7\/2016\/04\/EBF_03331.jpg\" \/>\n\t<meta property=\"og:image:width\" content=\"1280\" \/>\n\t<meta property=\"og:image:height\" content=\"852\" \/>\n\t<meta property=\"og:image:type\" content=\"image\/jpeg\" \/>\n<meta name=\"twitter:card\" content=\"summary_large_image\" \/>\n<meta name=\"twitter:label1\" content=\"Written by\" \/>\n\t<meta name=\"twitter:data1\" content=\"jconrad\" \/>\n<script type=\"application\/ld+json\" class=\"yoast-schema-graph\">{\"@context\":\"https:\/\/schema.org\",\"@graph\":[{\"@type\":\"WebSite\",\"@id\":\"https:\/\/ebike-festival.org\/#website\",\"url\":\"https:\/\/ebike-festival.org\/\",\"name\":\"E-Bike Festival Dortmund\",\"description\":\"Das weltweit gr\u00f6\u00dfte Festival rund um das Thema E-Mobilt\u00e4t!\",\"potentialAction\":[{\"@type\":\"SearchAction\",\"target\":{\"@type\":\"EntryPoint\",\"urlTemplate\":\"https:\/\/ebike-festival.org\/?s={search_term_string}\"},\"query-input\":\"required name=search_term_string\"}],\"inLanguage\":\"en-US\"},{\"@type\":\"WebPage\",\"@id\":\"https:\/\/ebike-festival.org\/en\/2016\/04\/15\/das-1-e-bike-festival-dortmund-presented-by-shimano-ist-eroeffnet\/#webpage\",\"url\":\"https:\/\/ebike-festival.org\/en\/2016\/04\/15\/das-1-e-bike-festival-dortmund-presented-by-shimano-ist-eroeffnet\/\",\"name\":\"The first E - BIKE Festival Dortmund presented by SHIMANO is open! - E-Bike Festival Dortmund\",\"isPartOf\":{\"@id\":\"https:\/\/ebike-festival.org\/#website\"},\"datePublished\":\"2016-04-15T16:38:10+00:00\",\"dateModified\":\"2016-04-15T18:37:40+00:00\",\"author\":{\"@id\":\"https:\/\/ebike-festival.org\/#\/schema\/person\/8ef2b5dfc32f986ecd0326308ac7f0e6\"},\"breadcrumb\":{\"@id\":\"https:\/\/ebike-festival.org\/en\/2016\/04\/15\/das-1-e-bike-festival-dortmund-presented-by-shimano-ist-eroeffnet\/#breadcrumb\"},\"inLanguage\":\"en-US\",\"potentialAction\":[{\"@type\":\"ReadAction\",\"target\":[\"https:\/\/ebike-festival.org\/en\/2016\/04\/15\/das-1-e-bike-festival-dortmund-presented-by-shimano-ist-eroeffnet\/\"]}]},{\"@type\":\"BreadcrumbList\",\"@id\":\"https:\/\/ebike-festival.org\/en\/2016\/04\/15\/das-1-e-bike-festival-dortmund-presented-by-shimano-ist-eroeffnet\/#breadcrumb\",\"itemListElement\":[{\"@type\":\"ListItem\",\"position\":1,\"name\":\"Startseite\",\"item\":\"https:\/\/ebike-festival.org\/en\/\"},{\"@type\":\"ListItem\",\"position\":2,\"name\":\"The first E &#8212; BIKE Festival Dortmund presented by SHIMANO is open!\"}]},{\"@type\":\"Person\",\"@id\":\"https:\/\/ebike-festival.org\/#\/schema\/person\/8ef2b5dfc32f986ecd0326308ac7f0e6\",\"name\":\"jconrad\",\"url\":\"https:\/\/ebike-festival.org\/en\/author\/jconrad\/\"}]}<\/script>\n<!-- \/ Yoast SEO plugin. -->","yoast_head_json":{"title":"The first E - BIKE Festival Dortmund presented by SHIMANO is open! - E-Bike Festival Dortmund","robots":{"index":"index","follow":"follow","max-snippet":"max-snippet:-1","max-image-preview":"max-image-preview:large","max-video-preview":"max-video-preview:-1"},"canonical":"https:\/\/ebike-festival.org\/en\/2016\/04\/15\/das-1-e-bike-festival-dortmund-presented-by-shimano-ist-eroeffnet\/","og_locale":"en_US","og_type":"article","og_title":"The first E - BIKE Festival Dortmund presented by SHIMANO is open! - E-Bike Festival Dortmund","og_description":"What a great kickoff of the first \u201eE \u2014 BIKE Festival Dortmund 2016 presented by SHIMANO\u201c. After the official opening ceremony by Dortmunds head mayor Ullrich Sierau Europes biggest festival around e-mobility celebrated a successful first day: great weather &#8211; better than expected-, lot of visitors and the more than 100 exhibitors were very pleased [&hellip;]","og_url":"https:\/\/ebike-festival.org\/en\/2016\/04\/15\/das-1-e-bike-festival-dortmund-presented-by-shimano-ist-eroeffnet\/","og_site_name":"E-Bike Festival Dortmund","article_published_time":"2016-04-15T16:38:10+00:00","article_modified_time":"2016-04-15T18:37:40+00:00","og_image":[{"width":1280,"height":852,"url":"https:\/\/ebike-festival.org\/wp-content\/uploads\/sites\/7\/2016\/04\/EBF_03331.jpg","type":"image\/jpeg"}],"twitter_card":"summary_large_image","twitter_misc":{"Written by":"jconrad"},"schema":{"@context":"https:\/\/schema.org","@graph":[{"@type":"WebSite","@id":"https:\/\/ebike-festival.org\/#website","url":"https:\/\/ebike-festival.org\/","name":"E-Bike Festival Dortmund","description":"Das weltweit gr\u00f6\u00dfte Festival rund um das Thema E-Mobilt\u00e4t!","potentialAction":[{"@type":"SearchAction","target":{"@type":"EntryPoint","urlTemplate":"https:\/\/ebike-festival.org\/?s={search_term_string}"},"query-input":"required name=search_term_string"}],"inLanguage":"en-US"},{"@type":"WebPage","@id":"https:\/\/ebike-festival.org\/en\/2016\/04\/15\/das-1-e-bike-festival-dortmund-presented-by-shimano-ist-eroeffnet\/#webpage","url":"https:\/\/ebike-festival.org\/en\/2016\/04\/15\/das-1-e-bike-festival-dortmund-presented-by-shimano-ist-eroeffnet\/","name":"The first E - BIKE Festival Dortmund presented by SHIMANO is open! - E-Bike Festival Dortmund","isPartOf":{"@id":"https:\/\/ebike-festival.org\/#website"},"datePublished":"2016-04-15T16:38:10+00:00","dateModified":"2016-04-15T18:37:40+00:00","author":{"@id":"https:\/\/ebike-festival.org\/#\/schema\/person\/8ef2b5dfc32f986ecd0326308ac7f0e6"},"breadcrumb":{"@id":"https:\/\/ebike-festival.org\/en\/2016\/04\/15\/das-1-e-bike-festival-dortmund-presented-by-shimano-ist-eroeffnet\/#breadcrumb"},"inLanguage":"en-US","potentialAction":[{"@type":"ReadAction","target":["https:\/\/ebike-festival.org\/en\/2016\/04\/15\/das-1-e-bike-festival-dortmund-presented-by-shimano-ist-eroeffnet\/"]}]},{"@type":"BreadcrumbList","@id":"https:\/\/ebike-festival.org\/en\/2016\/04\/15\/das-1-e-bike-festival-dortmund-presented-by-shimano-ist-eroeffnet\/#breadcrumb","itemListElement":[{"@type":"ListItem","position":1,"name":"Startseite","item":"https:\/\/ebike-festival.org\/en\/"},{"@type":"ListItem","position":2,"name":"The first E &#8212; BIKE Festival Dortmund presented by SHIMANO is open!"}]},{"@type":"Person","@id":"https:\/\/ebike-festival.org\/#\/schema\/person\/8ef2b5dfc32f986ecd0326308ac7f0e6","name":"jconrad","url":"https:\/\/ebike-festival.org\/en\/author\/jconrad\/"}]}},"_links":{"self":[{"href":"https:\/\/ebike-festival.org\/en\/wp-json\/wp\/v2\/posts\/2281"}],"collection":[{"href":"https:\/\/ebike-festival.org\/en\/wp-json\/wp\/v2\/posts"}],"about":[{"href":"https:\/\/ebike-festival.org\/en\/wp-json\/wp\/v2\/types\/post"}],"author":[{"embeddable":true,"href":"https:\/\/ebike-festival.org\/en\/wp-json\/wp\/v2\/users\/2"}],"replies":[{"embeddable":true,"href":"https:\/\/ebike-festival.org\/en\/wp-json\/wp\/v2\/comments?post=2281"}],"version-history":[{"count":0,"href":"https:\/\/ebike-festival.org\/en\/wp-json\/wp\/v2\/posts\/2281\/revisions"}],"wp:attachment":[{"href":"https:\/\/ebike-festival.org\/en\/wp-json\/wp\/v2\/media?parent=2281"}],"wp:term":[{"taxonomy":"category","embeddable":true,"href":"https:\/\/ebike-festival.org\/en\/wp-json\/wp\/v2\/categories?post=2281"},{"taxonomy":"post_tag","embeddable":true,"href":"https:\/\/ebike-festival.org\/en\/wp-json\/wp\/v2\/tags?post=2281"}],"curies":[{"name":"wp","href":"https:\/\/api.w.org\/{rel}","templated":true}]}}