{"id":1231,"date":"2016-02-11T21:52:47","date_gmt":"2016-02-11T20:52:47","guid":{"rendered":"http:\/\/ebike-festival.org\/en\/?p=1231"},"modified":"2016-02-11T22:16:56","modified_gmt":"2016-02-11T21:16:56","slug":"europes-biggest-e-bike-event-is-coming","status":"publish","type":"post","link":"https:\/\/ebike-festival.org\/en\/2016\/02\/11\/europes-biggest-e-bike-event-is-coming\/","title":{"rendered":"Europe&#8217;s biggest e-bike event is coming"},"content":{"rendered":"<p>Soon we expect 30.000 visitors in Dortmund at\u00a0Europe&#8217;s biggest e-bike event. We keep you posted with eBike Festival\u00a0news here!<\/p>\n","protected":false},"excerpt":{"rendered":"<p>Soon we expect 30.000 visitors in Dortmund at\u00a0Europe&#8217;s biggest e-bike event. We keep you posted with eBike Festival\u00a0news here!<\/p>\n","protected":false},"author":1,"featured_media":0,"comment_status":"closed","ping_status":"closed","sticky":false,"template":"","format":"standard","meta":[],"categories":[4],"tags":[],"yoast_head":"<!-- This site is optimized with the Yoast SEO plugin v18.0 - https:\/\/yoast.com\/wordpress\/plugins\/seo\/ -->\n<title>Europe&#039;s biggest e-bike event is coming - E-Bike Festival Dortmund<\/title>\n<meta name=\"robots\" content=\"index, follow, max-snippet:-1, max-image-preview:large, max-video-preview:-1\" \/>\n<link rel=\"canonical\" href=\"https:\/\/ebike-festival.org\/en\/2016\/02\/11\/europes-biggest-e-bike-event-is-coming\/\" \/>\n<meta property=\"og:locale\" content=\"en_US\" \/>\n<meta property=\"og:type\" content=\"article\" \/>\n<meta property=\"og:title\" content=\"Europe&#039;s biggest e-bike event is coming - E-Bike Festival Dortmund\" \/>\n<meta property=\"og:description\" content=\"Soon we expect 30.000 visitors in Dortmund at\u00a0Europe&#8217;s biggest e-bike event. We keep you posted with eBike Festival\u00a0news here!\" \/>\n<meta property=\"og:url\" content=\"https:\/\/ebike-festival.org\/en\/2016\/02\/11\/europes-biggest-e-bike-event-is-coming\/\" \/>\n<meta property=\"og:site_name\" content=\"E-Bike Festival Dortmund\" \/>\n<meta property=\"article:published_time\" content=\"2016-02-11T20:52:47+00:00\" \/>\n<meta property=\"article:modified_time\" content=\"2016-02-11T21:16:56+00:00\" \/>\n<meta name=\"twitter:card\" content=\"summary_large_image\" \/>\n<meta name=\"twitter:label1\" content=\"Written by\" \/>\n\t<meta name=\"twitter:data1\" content=\"manui\" \/>\n<script type=\"application\/ld+json\" class=\"yoast-schema-graph\">{\"@context\":\"https:\/\/schema.org\",\"@graph\":[{\"@type\":\"WebSite\",\"@id\":\"https:\/\/ebike-festival.org\/#website\",\"url\":\"https:\/\/ebike-festival.org\/\",\"name\":\"E-Bike Festival Dortmund\",\"description\":\"Das weltweit gr\u00f6\u00dfte Festival rund um das Thema E-Mobilt\u00e4t!\",\"potentialAction\":[{\"@type\":\"SearchAction\",\"target\":{\"@type\":\"EntryPoint\",\"urlTemplate\":\"https:\/\/ebike-festival.org\/?s={search_term_string}\"},\"query-input\":\"required name=search_term_string\"}],\"inLanguage\":\"en-US\"},{\"@type\":\"WebPage\",\"@id\":\"https:\/\/ebike-festival.org\/en\/2016\/02\/11\/europes-biggest-e-bike-event-is-coming\/#webpage\",\"url\":\"https:\/\/ebike-festival.org\/en\/2016\/02\/11\/europes-biggest-e-bike-event-is-coming\/\",\"name\":\"Europe's biggest e-bike event is coming - E-Bike Festival Dortmund\",\"isPartOf\":{\"@id\":\"https:\/\/ebike-festival.org\/#website\"},\"datePublished\":\"2016-02-11T20:52:47+00:00\",\"dateModified\":\"2016-02-11T21:16:56+00:00\",\"author\":{\"@id\":\"https:\/\/ebike-festival.org\/#\/schema\/person\/0e69832d2a2ce9d9a3529a634e66374d\"},\"breadcrumb\":{\"@id\":\"https:\/\/ebike-festival.org\/en\/2016\/02\/11\/europes-biggest-e-bike-event-is-coming\/#breadcrumb\"},\"inLanguage\":\"en-US\",\"potentialAction\":[{\"@type\":\"ReadAction\",\"target\":[\"https:\/\/ebike-festival.org\/en\/2016\/02\/11\/europes-biggest-e-bike-event-is-coming\/\"]}]},{\"@type\":\"BreadcrumbList\",\"@id\":\"https:\/\/ebike-festival.org\/en\/2016\/02\/11\/europes-biggest-e-bike-event-is-coming\/#breadcrumb\",\"itemListElement\":[{\"@type\":\"ListItem\",\"position\":1,\"name\":\"Startseite\",\"item\":\"https:\/\/ebike-festival.org\/en\/\"},{\"@type\":\"ListItem\",\"position\":2,\"name\":\"Europe&#8217;s biggest e-bike event is coming\"}]},{\"@type\":\"Person\",\"@id\":\"https:\/\/ebike-festival.org\/#\/schema\/person\/0e69832d2a2ce9d9a3529a634e66374d\",\"name\":\"manui\",\"url\":\"https:\/\/ebike-festival.org\/en\/author\/manui\/\"}]}<\/script>\n<!-- \/ Yoast SEO plugin. -->","yoast_head_json":{"title":"Europe's biggest e-bike event is coming - E-Bike Festival Dortmund","robots":{"index":"index","follow":"follow","max-snippet":"max-snippet:-1","max-image-preview":"max-image-preview:large","max-video-preview":"max-video-preview:-1"},"canonical":"https:\/\/ebike-festival.org\/en\/2016\/02\/11\/europes-biggest-e-bike-event-is-coming\/","og_locale":"en_US","og_type":"article","og_title":"Europe's biggest e-bike event is coming - E-Bike Festival Dortmund","og_description":"Soon we expect 30.000 visitors in Dortmund at\u00a0Europe&#8217;s biggest e-bike event. We keep you posted with eBike Festival\u00a0news here!","og_url":"https:\/\/ebike-festival.org\/en\/2016\/02\/11\/europes-biggest-e-bike-event-is-coming\/","og_site_name":"E-Bike Festival Dortmund","article_published_time":"2016-02-11T20:52:47+00:00","article_modified_time":"2016-02-11T21:16:56+00:00","twitter_card":"summary_large_image","twitter_misc":{"Written by":"manui"},"schema":{"@context":"https:\/\/schema.org","@graph":[{"@type":"WebSite","@id":"https:\/\/ebike-festival.org\/#website","url":"https:\/\/ebike-festival.org\/","name":"E-Bike Festival Dortmund","description":"Das weltweit gr\u00f6\u00dfte Festival rund um das Thema E-Mobilt\u00e4t!","potentialAction":[{"@type":"SearchAction","target":{"@type":"EntryPoint","urlTemplate":"https:\/\/ebike-festival.org\/?s={search_term_string}"},"query-input":"required name=search_term_string"}],"inLanguage":"en-US"},{"@type":"WebPage","@id":"https:\/\/ebike-festival.org\/en\/2016\/02\/11\/europes-biggest-e-bike-event-is-coming\/#webpage","url":"https:\/\/ebike-festival.org\/en\/2016\/02\/11\/europes-biggest-e-bike-event-is-coming\/","name":"Europe's biggest e-bike event is coming - E-Bike Festival Dortmund","isPartOf":{"@id":"https:\/\/ebike-festival.org\/#website"},"datePublished":"2016-02-11T20:52:47+00:00","dateModified":"2016-02-11T21:16:56+00:00","author":{"@id":"https:\/\/ebike-festival.org\/#\/schema\/person\/0e69832d2a2ce9d9a3529a634e66374d"},"breadcrumb":{"@id":"https:\/\/ebike-festival.org\/en\/2016\/02\/11\/europes-biggest-e-bike-event-is-coming\/#breadcrumb"},"inLanguage":"en-US","potentialAction":[{"@type":"ReadAction","target":["https:\/\/ebike-festival.org\/en\/2016\/02\/11\/europes-biggest-e-bike-event-is-coming\/"]}]},{"@type":"BreadcrumbList","@id":"https:\/\/ebike-festival.org\/en\/2016\/02\/11\/europes-biggest-e-bike-event-is-coming\/#breadcrumb","itemListElement":[{"@type":"ListItem","position":1,"name":"Startseite","item":"https:\/\/ebike-festival.org\/en\/"},{"@type":"ListItem","position":2,"name":"Europe&#8217;s biggest e-bike event is coming"}]},{"@type":"Person","@id":"https:\/\/ebike-festival.org\/#\/schema\/person\/0e69832d2a2ce9d9a3529a634e66374d","name":"manui","url":"https:\/\/ebike-festival.org\/en\/author\/manui\/"}]}},"_links":{"self":[{"href":"https:\/\/ebike-festival.org\/en\/wp-json\/wp\/v2\/posts\/1231"}],"collection":[{"href":"https:\/\/ebike-festival.org\/en\/wp-json\/wp\/v2\/posts"}],"about":[{"href":"https:\/\/ebike-festival.org\/en\/wp-json\/wp\/v2\/types\/post"}],"author":[{"embeddable":true,"href":"https:\/\/ebike-festival.org\/en\/wp-json\/wp\/v2\/users\/1"}],"replies":[{"embeddable":true,"href":"https:\/\/ebike-festival.org\/en\/wp-json\/wp\/v2\/comments?post=1231"}],"version-history":[{"count":0,"href":"https:\/\/ebike-festival.org\/en\/wp-json\/wp\/v2\/posts\/1231\/revisions"}],"wp:attachment":[{"href":"https:\/\/ebike-festival.org\/en\/wp-json\/wp\/v2\/media?parent=1231"}],"wp:term":[{"taxonomy":"category","embeddable":true,"href":"https:\/\/ebike-festival.org\/en\/wp-json\/wp\/v2\/categories?post=1231"},{"taxonomy":"post_tag","embeddable":true,"href":"https:\/\/ebike-festival.org\/en\/wp-json\/wp\/v2\/tags?post=1231"}],"curies":[{"name":"wp","href":"https:\/\/api.w.org\/{rel}","templated":true}]}}